{"id":146,"date":"2011-02-28T17:54:51","date_gmt":"2011-02-28T17:54:51","guid":{"rendered":"http:\/\/asgaivotas.com\/resume-do-campionato-de-f3p\/"},"modified":"2011-02-28T17:54:51","modified_gmt":"2011-02-28T17:54:51","slug":"resume-do-campionato-de-f3p","status":"publish","type":"post","link":"https:\/\/www.asgaivotas.com\/?p=146","title":{"rendered":"Resume do Campionato de F3P"},"content":{"rendered":"<p style=\"text-align: center;\" mce_style=\"text-align: center;\"><img loading=\"lazy\" decoding=\"async\" src=\"http:\/\/asgaivotas.com\/wp-content\/uploads\/2011\/02\/f3p-2011-02.jpg\" mce_src=\"http:\/\/asgaivotas.com\/wp-content\/uploads\/2011\/02\/f3p-2011-02.jpg\" height=\"235\" width=\"314\"><\/p>\n<p>Este domingo celebrouse en Cerceda, grazas \u00e1 colaboraci\u00f3n do <a mce_href=\"http:\/\/www.cerceda.org\/\" href=\"http:\/\/www.cerceda.org\/\">Concello<\/a> pola cesi\u00f3n do pavill\u00f3n, a primeira proba da especialidade de F3P (acrobacia <i>indoor)<\/i> que organiza o Clube As Gaivotas. A pesares de que a <a mce_href=\"http:\/\/www.fegada.org\" href=\"http:\/\/www.fegada.org\">Federaci\u00f3n Aeron\u00e1utica Galega<\/a> ainda non notificou se a proba estar\u00eda no calendario oficial galego, houbo boa resposta dos nosos socios dos cales oito valentes participaron na mesma.<\/p>\n<p><\/p>\n<p> <!--more--> <\/p>\n<p><\/p>\n<p>Foron cinco os xu\u00edces a cargo da avaliaci\u00f3n das figuras dos pilotos que voaron tres mangas da t\u00e1boa <a mce_href=\"http:\/\/asgaivotas.com\/f3p-2011\/\" href=\"http:\/\/asgaivotas.com\/f3p-2011\/\">acordada para este evento<\/a>. As posici\u00f3ns xa se estableceron dende o inicio, ainda que a segunda manga foi moi igualada. Os primeiros postos quedaron as\u00ed:<\/p>\n<ol>\n<li>Angel del Real<\/li>\n<li>Agust\u00edn Rey<\/li>\n<li>Jos\u00e9 Manuel Miranda<\/li>\n<\/ol>\n<p>Nesta t\u00e1boa est\u00e1 o resultado completo:<\/p>\n<p style=\"text-align: center;\" mce_style=\"text-align: center;\"><img decoding=\"async\" src=\"http:\/\/asgaivotas.com\/wp-content\/uploads\/2011\/02\/clasificacion-f3p.png\" mce_src=\"http:\/\/asgaivotas.com\/wp-content\/uploads\/2011\/02\/clasificacion-f3p.png\"><\/p>\n<p>E eiqu\u00ed tedes algunhas fotos do campionato:<\/p>\n<p>{gallery}f3p{\/gallery}<\/p>\n","protected":false},"excerpt":{"rendered":"<p>Este domingo celebrouse en Cerceda, grazas \u00e1 colaboraci\u00f3n do Concello pola cesi\u00f3n do pavill\u00f3n, a primeira proba da especialidade de F3P (acrobacia indoor) que organiza o Clube As Gaivotas. A pesares de que a Federaci\u00f3n Aeron\u00e1utica Galega ainda non notificou se a proba estar\u00eda no calendario oficial galego, houbo boa resposta dos nosos socios dos &hellip; <\/p>\n<p class=\"link-more\"><a href=\"https:\/\/www.asgaivotas.com\/?p=146\" class=\"more-link\">Continuar leyendo<span class=\"screen-reader-text\"> \u00abResume do Campionato de F3P\u00bb<\/span><\/a><\/p>\n","protected":false},"author":1,"featured_media":144,"comment_status":"open","ping_status":"open","sticky":false,"template":"","format":"standard","meta":{"footnotes":""},"categories":[3],"tags":[],"class_list":["post-146","post","type-post","status-publish","format-standard","has-post-thumbnail","hentry","category-actividades-actividades"],"_links":{"self":[{"href":"https:\/\/www.asgaivotas.com\/index.php?rest_route=\/wp\/v2\/posts\/146","targetHints":{"allow":["GET"]}}],"collection":[{"href":"https:\/\/www.asgaivotas.com\/index.php?rest_route=\/wp\/v2\/posts"}],"about":[{"href":"https:\/\/www.asgaivotas.com\/index.php?rest_route=\/wp\/v2\/types\/post"}],"author":[{"embeddable":true,"href":"https:\/\/www.asgaivotas.com\/index.php?rest_route=\/wp\/v2\/users\/1"}],"replies":[{"embeddable":true,"href":"https:\/\/www.asgaivotas.com\/index.php?rest_route=%2Fwp%2Fv2%2Fcomments&post=146"}],"version-history":[{"count":0,"href":"https:\/\/www.asgaivotas.com\/index.php?rest_route=\/wp\/v2\/posts\/146\/revisions"}],"wp:featuredmedia":[{"embeddable":true,"href":"https:\/\/www.asgaivotas.com\/index.php?rest_route=\/"}],"wp:attachment":[{"href":"https:\/\/www.asgaivotas.com\/index.php?rest_route=%2Fwp%2Fv2%2Fmedia&parent=146"}],"wp:term":[{"taxonomy":"category","embeddable":true,"href":"https:\/\/www.asgaivotas.com\/index.php?rest_route=%2Fwp%2Fv2%2Fcategories&post=146"},{"taxonomy":"post_tag","embeddable":true,"href":"https:\/\/www.asgaivotas.com\/index.php?rest_route=%2Fwp%2Fv2%2Ftags&post=146"}],"curies":[{"name":"wp","href":"https:\/\/api.w.org\/{rel}","templated":true}]}}