{"id":186,"date":"2011-05-29T21:13:07","date_gmt":"2011-05-29T21:13:07","guid":{"rendered":"http:\/\/asgaivotas.com\/segunda-proba-de-f5j-e-clasificacion-2011\/"},"modified":"2011-05-29T21:13:07","modified_gmt":"2011-05-29T21:13:07","slug":"segunda-proba-de-f5j-e-clasificacion-2011","status":"publish","type":"post","link":"https:\/\/www.asgaivotas.com\/?p=186","title":{"rendered":"Segunda Proba de F5J e Clasificaci\u00f3n 2011"},"content":{"rendered":"<p style=\"text-align: center;\" mce_style=\"text-align: center;\"><img loading=\"lazy\" decoding=\"async\" src=\"http:\/\/asgaivotas.com\/wp-content\/uploads\/2011\/05\/F5J-2001-051.jpg\" mce_src=\"http:\/\/asgaivotas.com\/wp-content\/uploads\/2011\/05\/F5J-2001-051.jpg\" height=\"336\" width=\"448\"><\/p>\n<p>A derradeira proba de F5J do ano 2011 celebrouse o domingo 29 de maio nas instalaci\u00f3ns de A Queimada (Oza dos R\u00edos). <\/p>\n<p>Esto serviu xa para dirimir a clasificaci\u00f3n final do F5J galego que organizamos:<\/p>\n<p style=\"text-align: center;\" mce_style=\"text-align: center;\"><img decoding=\"async\" src=\"http:\/\/asgaivotas.com\/wp-content\/uploads\/2011\/05\/Clasific-F5J-2011-Final.png\" mce_src=\"http:\/\/asgaivotas.com\/wp-content\/uploads\/2011\/05\/Clasific-F5J-2011-Final.png\"><\/p>\n<p> <!--more--> Desta vez, as tormentas que se estaban a formar e que descargaron pola tarde, propiciaron unha atm\u00f3sfera m\u00e1is t\u00e9rmica canto m\u00e1is avanzaba a ma\u00f1\u00e1, ainda que tam\u00e9n foron fortes as correntes descendentes. As\u00ed, poidemos ver os primeiros voos nos que se consumiron os 10:00 minutos de tempo, ainda que ning\u00fan piloto foi sancionado por pasar do tempo m\u00e1ximo.<\/p>\n<p>Foron seis pilotos os participantes, sendo o ga\u00f1ador Alvaro Barcia, quen non puido participar na primeira proba. As\u00ed as mangas quedaron deste xeito:<\/p>\n<h2>Manga 1:<\/h2>\n<p><img decoding=\"async\" src=\"http:\/\/asgaivotas.com\/wp-content\/uploads\/2011\/05\/Manga1-F5J-2011-05.png\" mce_src=\"http:\/\/asgaivotas.com\/wp-content\/uploads\/2011\/05\/Manga1-F5J-2011-05.png\" width=\"532\"><\/p>\n<h2>Manga 2:<\/h2>\n<p><img decoding=\"async\" src=\"http:\/\/asgaivotas.com\/wp-content\/uploads\/2011\/05\/Manga2-F5J-2011-05.png\" mce_src=\"http:\/\/asgaivotas.com\/wp-content\/uploads\/2011\/05\/Manga2-F5J-2011-05.png\" width=\"532\"><\/p>\n<h2>Manga 3:<\/h2>\n<p><img decoding=\"async\" src=\"http:\/\/asgaivotas.com\/wp-content\/uploads\/2011\/05\/Manga3-F5J-2011-05.png\" mce_src=\"http:\/\/asgaivotas.com\/wp-content\/uploads\/2011\/05\/Manga3-F5J-2011-05.png\" width=\"532\"><\/p>\n<h2>Manga 4:<\/h2>\n<p><img decoding=\"async\" src=\"http:\/\/asgaivotas.com\/wp-content\/uploads\/2011\/05\/Manga4-F5J-2011-05.png\" mce_src=\"http:\/\/asgaivotas.com\/wp-content\/uploads\/2011\/05\/Manga4-F5J-2011-05.png\" width=\"532\"><\/p>\n<p>Despois de descartar a pior manga, as\u00ed quedou a clasificaci\u00f3n da proba:<\/p>\n<p><img decoding=\"async\" src=\"http:\/\/asgaivotas.com\/wp-content\/uploads\/2011\/05\/Clasific-F5J-2011-05.png\" mce_src=\"http:\/\/asgaivotas.com\/wp-content\/uploads\/2011\/05\/Clasific-F5J-2011-05.png\"><\/p>\n<p>Parab\u00e9ns \u00f3s ga\u00f1adores e \u00e1nimo \u00f3 resto. Os que participamos asegur\u00e1mosvos que a experiencia foi moi divertida&#8230;<\/p>\n","protected":false},"excerpt":{"rendered":"<p>A derradeira proba de F5J do ano 2011 celebrouse o domingo 29 de maio nas instalaci\u00f3ns de A Queimada (Oza dos R\u00edos). Esto serviu xa para dirimir a clasificaci\u00f3n final do F5J galego que organizamos:<\/p>\n","protected":false},"author":1,"featured_media":179,"comment_status":"open","ping_status":"open","sticky":false,"template":"","format":"standard","meta":{"footnotes":""},"categories":[3],"tags":[],"class_list":["post-186","post","type-post","status-publish","format-standard","has-post-thumbnail","hentry","category-actividades-actividades"],"_links":{"self":[{"href":"https:\/\/www.asgaivotas.com\/index.php?rest_route=\/wp\/v2\/posts\/186","targetHints":{"allow":["GET"]}}],"collection":[{"href":"https:\/\/www.asgaivotas.com\/index.php?rest_route=\/wp\/v2\/posts"}],"about":[{"href":"https:\/\/www.asgaivotas.com\/index.php?rest_route=\/wp\/v2\/types\/post"}],"author":[{"embeddable":true,"href":"https:\/\/www.asgaivotas.com\/index.php?rest_route=\/wp\/v2\/users\/1"}],"replies":[{"embeddable":true,"href":"https:\/\/www.asgaivotas.com\/index.php?rest_route=%2Fwp%2Fv2%2Fcomments&post=186"}],"version-history":[{"count":0,"href":"https:\/\/www.asgaivotas.com\/index.php?rest_route=\/wp\/v2\/posts\/186\/revisions"}],"wp:featuredmedia":[{"embeddable":true,"href":"https:\/\/www.asgaivotas.com\/index.php?rest_route=\/"}],"wp:attachment":[{"href":"https:\/\/www.asgaivotas.com\/index.php?rest_route=%2Fwp%2Fv2%2Fmedia&parent=186"}],"wp:term":[{"taxonomy":"category","embeddable":true,"href":"https:\/\/www.asgaivotas.com\/index.php?rest_route=%2Fwp%2Fv2%2Fcategories&post=186"},{"taxonomy":"post_tag","embeddable":true,"href":"https:\/\/www.asgaivotas.com\/index.php?rest_route=%2Fwp%2Fv2%2Ftags&post=186"}],"curies":[{"name":"wp","href":"https:\/\/api.w.org\/{rel}","templated":true}]}}