{"id":204,"date":"2011-06-27T21:42:09","date_gmt":"2011-06-27T21:42:09","guid":{"rendered":"http:\/\/asgaivotas.com\/resultado-do-iv-open-de-f3a-cerceda-2011\/"},"modified":"2011-06-27T21:42:09","modified_gmt":"2011-06-27T21:42:09","slug":"resultado-do-iv-open-de-f3a-cerceda-2011","status":"publish","type":"post","link":"https:\/\/www.asgaivotas.com\/?p=204","title":{"rendered":"Resultado do IV Open de F3A Cerceda 2011"},"content":{"rendered":"<p style=\"text-align: center;\" mce_style=\"text-align: center;\"><img loading=\"lazy\" decoding=\"async\" src=\"http:\/\/asgaivotas.com\/wp-content\/uploads\/2011\/06\/dscn1163.jpg\" mce_src=\"http:\/\/asgaivotas.com\/wp-content\/uploads\/2011\/06\/dscn1163.jpg\" height=\"336\" width=\"448\"><\/p>\n<p style=\"text-align: left;\" mce_style=\"text-align: left;\">Ben, xa pasou! Xa temos ga\u00f1ador da <b>IV Edici\u00f3n do Open F3A Cerceda 2011 &#8211; World Cup<\/b>. O resultado final na categor\u00eda principal foi:<\/p>\n<p style=\"text-align: center;\" mce_style=\"text-align: center;\"><img decoding=\"async\" src=\"http:\/\/asgaivotas.com\/wp-content\/uploads\/2011\/06\/clasific-a-finalf.png\" mce_src=\"http:\/\/asgaivotas.com\/wp-content\/uploads\/2011\/06\/clasific-a-finalf.png\"><\/p>\n<p style=\"text-align: left;\" mce_style=\"text-align: left;\"><a mce_href=\"http:\/\/asgaivotas.com\/wp-content\/uploads\/2011\/06\/tablaf.pdf\" href=\"http:\/\/asgaivotas.com\/wp-content\/uploads\/2011\/06\/tablaf.pdf\"><img decoding=\"async\" src=\"http:\/\/asgaivotas.com\/wp-content\/uploads\/2011\/02\/pdf.png\" mce_src=\"http:\/\/asgaivotas.com\/wp-content\/uploads\/2011\/02\/pdf.png\"><\/a><br mce_bogus=\"1\"><\/p>\n<p style=\"text-align: left;\" mce_style=\"text-align: left;\"><a mce_href=\"http:\/\/asgaivotas.com\/wp-content\/uploads\/2011\/06\/tablaf.pdf\" href=\"http:\/\/asgaivotas.com\/wp-content\/uploads\/2011\/06\/tablaf.pdf\">Clasificaci\u00f3n Final A.pdf<\/a><\/p>\n<p> <!--more--> <\/p>\n<p style=\"text-align: center;\" mce_style=\"text-align: center;\"><img decoding=\"async\" src=\"http:\/\/asgaivotas.com\/wp-content\/uploads\/2011\/06\/dscn1137.jpg\" mce_src=\"http:\/\/asgaivotas.com\/wp-content\/uploads\/2011\/06\/dscn1137.jpg\"><\/p>\n<p>Foi un fin de sem\u00e1n con moit\u00edsimo calor, chegando \u00f3s 36\u00ba na pista. Mesmo  as\u00ed, se voaron as 4 mangas das P durante o s\u00e1bado, as\u00ed como as da  categor\u00eda B. Nesta categor\u00eda, o resultado foi:<\/p>\n<p><\/p>\n<p style=\"text-align: center;\" mce_style=\"text-align: center;\"><img decoding=\"async\" src=\"http:\/\/asgaivotas.com\/wp-content\/uploads\/2011\/06\/clasific-b-final.png\" mce_src=\"http:\/\/asgaivotas.com\/wp-content\/uploads\/2011\/06\/clasific-b-final.png\" width=\"550\"><\/p>\n<p style=\"text-align: left;\" mce_style=\"text-align: left;\"><a mce_href=\"http:\/\/asgaivotas.com\/wp-content\/uploads\/2011\/06\/tablab.pdf\" href=\"http:\/\/asgaivotas.com\/wp-content\/uploads\/2011\/06\/tablab.pdf\"><img loading=\"lazy\" decoding=\"async\" src=\"http:\/\/asgaivotas.com\/wp-content\/uploads\/2011\/02\/pdf.png\" mce_src=\"http:\/\/asgaivotas.com\/wp-content\/uploads\/2011\/02\/pdf.png\" height=\"32\" width=\"32\"><\/a><br mce_bogus=\"1\"><\/p>\n<p style=\"text-align: left;\" mce_style=\"text-align: left;\"><a mce_href=\"http:\/\/asgaivotas.com\/wp-content\/uploads\/2011\/06\/tablab.pdf\" href=\"http:\/\/asgaivotas.com\/wp-content\/uploads\/2011\/06\/tablab.pdf\">Clasificaci\u00f3n Final B.pdf<\/a><\/p>\n<p style=\"text-align: left;\" mce_style=\"text-align: left;\">O domingo, os pilotos da B tiveron unha pequena sorpresa: voaron unha \u00abfinal\u00bb coa t\u00e1boa P, a\u00ednda que non contou para a clasificaci\u00f3n final.<\/p>\n<p style=\"text-align: left;\" mce_style=\"text-align: left;\">Na categor\u00eda A, o resultado das 4 mangas que clasificaba para a final foi:<\/p>\n<p style=\"text-align: center;\" mce_style=\"text-align: center;\"><img decoding=\"async\" src=\"http:\/\/asgaivotas.com\/wp-content\/uploads\/2011\/06\/clasific-a-finalp.png\" mce_src=\"http:\/\/asgaivotas.com\/wp-content\/uploads\/2011\/06\/clasific-a-finalp.png\" width=\"550\"><\/p>\n<p style=\"text-align: left;\" mce_style=\"text-align: left;\"><a mce_href=\"http:\/\/asgaivotas.com\/wp-content\/uploads\/2011\/06\/tablap.pdf\" href=\"http:\/\/asgaivotas.com\/wp-content\/uploads\/2011\/06\/tablap.pdf\"><img loading=\"lazy\" decoding=\"async\" src=\"http:\/\/asgaivotas.com\/wp-content\/uploads\/2011\/02\/pdf.png\" mce_src=\"http:\/\/asgaivotas.com\/wp-content\/uploads\/2011\/02\/pdf.png\" height=\"32\" width=\"32\"><\/a><br mce_bogus=\"1\"><\/p>\n<p style=\"text-align: left;\" mce_style=\"text-align: left;\"><a mce_href=\"http:\/\/asgaivotas.com\/wp-content\/uploads\/2011\/06\/tablap.pdf\" href=\"http:\/\/asgaivotas.com\/wp-content\/uploads\/2011\/06\/tablap.pdf\">Clasificaci\u00f3n 4 Mangas A.pdf<\/a><\/p>\n<p style=\"text-align: left;\" mce_style=\"text-align: left;\">Parab\u00e9ns \u00f3s ga\u00f1adores e, \u00f3s dem\u00e1is pilotos, aqu\u00ed os esperamos o ano que ven! Moitas gracias \u00f3s colaboradores e socios, \u00f3s nosos patrocinadores, \u00e1 <b>Real Federaci\u00f3n Aeron\u00e1utica Espa\u00f1ola<\/b>, \u00e1 <b>Deputaci\u00f3n da Coru\u00f1a<\/b>, \u00e1 <b>Secretar\u00eda Xeral para o Deporte Galego<\/b> e \u00f3 <b>Concello de Cerceda<\/b>, e moi especialmente \u00f3 seu Alcalde <i>D. Jos\u00e9 Garc\u00eda Li\u00f1ares<\/i>, pois sen a s\u00faa axuda non ser\u00eda posible este grande evento.<\/p>\n<p style=\"text-align: left;\" mce_style=\"text-align: left;\">V\u00e9monos na quinta edici\u00f3n!<\/p>\n<p style=\"text-align: left;\" mce_style=\"text-align: left;\"><a mce_href=\"http:\/\/asgaivotas.com\/fotos-iv-open-2011\/\" href=\"http:\/\/asgaivotas.com\/fotos-iv-open-2011\/\">(As fotos est\u00e1n aqu\u00ed&#8230;)<\/a><\/p>\n","protected":false},"excerpt":{"rendered":"<p>Ben, xa pasou! Xa temos ga\u00f1ador da IV Edici\u00f3n do Open F3A Cerceda 2011 &#8211; World Cup. O resultado final na categor\u00eda principal foi: Clasificaci\u00f3n Final A.pdf<\/p>\n","protected":false},"author":1,"featured_media":196,"comment_status":"open","ping_status":"open","sticky":false,"template":"","format":"standard","meta":{"footnotes":""},"categories":[22],"tags":[],"class_list":["post-204","post","type-post","status-publish","format-standard","has-post-thumbnail","hentry","category-open-internacional-f3a-2011"],"_links":{"self":[{"href":"https:\/\/www.asgaivotas.com\/index.php?rest_route=\/wp\/v2\/posts\/204","targetHints":{"allow":["GET"]}}],"collection":[{"href":"https:\/\/www.asgaivotas.com\/index.php?rest_route=\/wp\/v2\/posts"}],"about":[{"href":"https:\/\/www.asgaivotas.com\/index.php?rest_route=\/wp\/v2\/types\/post"}],"author":[{"embeddable":true,"href":"https:\/\/www.asgaivotas.com\/index.php?rest_route=\/wp\/v2\/users\/1"}],"replies":[{"embeddable":true,"href":"https:\/\/www.asgaivotas.com\/index.php?rest_route=%2Fwp%2Fv2%2Fcomments&post=204"}],"version-history":[{"count":0,"href":"https:\/\/www.asgaivotas.com\/index.php?rest_route=\/wp\/v2\/posts\/204\/revisions"}],"wp:featuredmedia":[{"embeddable":true,"href":"https:\/\/www.asgaivotas.com\/index.php?rest_route=\/"}],"wp:attachment":[{"href":"https:\/\/www.asgaivotas.com\/index.php?rest_route=%2Fwp%2Fv2%2Fmedia&parent=204"}],"wp:term":[{"taxonomy":"category","embeddable":true,"href":"https:\/\/www.asgaivotas.com\/index.php?rest_route=%2Fwp%2Fv2%2Fcategories&post=204"},{"taxonomy":"post_tag","embeddable":true,"href":"https:\/\/www.asgaivotas.com\/index.php?rest_route=%2Fwp%2Fv2%2Ftags&post=204"}],"curies":[{"name":"wp","href":"https:\/\/api.w.org\/{rel}","templated":true}]}}