{"id":225,"date":"2012-02-19T23:00:00","date_gmt":"2012-02-19T23:00:00","guid":{"rendered":"http:\/\/asgaivotas.com\/campionato-f3p-as-gaivotas-cerceda-2012\/"},"modified":"2012-02-19T23:00:00","modified_gmt":"2012-02-19T23:00:00","slug":"campionato-f3p-as-gaivotas-cerceda-2012","status":"publish","type":"post","link":"https:\/\/www.asgaivotas.com\/?p=225","title":{"rendered":"Campionato F3P As Gaivotas &#8211; Cerceda 2012"},"content":{"rendered":"<p>A\u00ednda que a <a mce_href=\"http:\/\/www.fegada.org\" href=\"http:\/\/www.fegada.org\">Federaci\u00f3n Aeron\u00e1utica Galega<\/a> denegou a inscrici\u00f3n das probas solicitadas polo noso clube no <a mce_href=\"http:\/\/www.fegada.org\/media\/Calendario%20Actividades%202012.pdf\" href=\"http:\/\/www.fegada.org\/media\/Calendario%20Actividades%202012.pdf\">calendario oficial<\/a>, a intenci\u00f3n \u00e9 a de facelas na mesma, a\u00ednda que como probas \u00abinterclube\u00bb. A primeira delas \u00e9 a de F3P, polo que lembramos a t\u00f3do-los pilotos interesados, que o vindeiro domingo <b>26 de febreiro<\/b> ter\u00e1 lugar o <b>II Campionato F3P As Gaivotas \u00e1s 10:30<\/b> en Cerceda, no Pavill\u00f3n Municipal. A inscripci\u00f3n ser\u00e1 de valde, as\u00ed que todo o que queira poder\u00e1 participar. A t\u00e1boa que se voar\u00e1 ser\u00e1 a seguinte:<\/p>\n<p><b><u>T\u00e1boa F3P 2012<\/u><\/b><br \/><i>1\u00aa Oito cubano<br \/>2\u00aa Tonel de dous tempos<br \/>3\u00aa Dobre Immelmann<br \/>4\u00aa Tonel cobra<br \/>5\u00aa Rizo cadrado<br \/>6\u00aa Tonel de catro tempos<br \/>7\u00aa Figura \u00abS\u00bb<br \/>8\u00aa Subida a 45\u00ba con tonel completo<\/i><\/p>\n<p>Recordamos que a F3P \u00e9 a especialidade de acrobacia de voo de radiocontrol en espacios pechados (indoor).<\/p>\n<p>Para inscribirte, env\u00eda un correo con os teus dados a <a mce_href=\"mailto:contacto@asgaivotas.com\" href=\"mailto:contacto@asgaivotas.com\">contacto@asgaivotas.com<\/a>.<\/p>\n","protected":false},"excerpt":{"rendered":"<p>A\u00ednda que a Federaci\u00f3n Aeron\u00e1utica Galega denegou a inscrici\u00f3n das probas solicitadas polo noso clube no calendario oficial, a intenci\u00f3n \u00e9 a de facelas na mesma, a\u00ednda que como probas \u00abinterclube\u00bb. A primeira delas \u00e9 a de F3P, polo que lembramos a t\u00f3do-los pilotos interesados, que o vindeiro domingo 26 de febreiro ter\u00e1 lugar o &hellip; <\/p>\n<p class=\"link-more\"><a href=\"https:\/\/www.asgaivotas.com\/?p=225\" class=\"more-link\">Continuar leyendo<span class=\"screen-reader-text\"> \u00abCampionato F3P As Gaivotas &#8211; Cerceda 2012\u00bb<\/span><\/a><\/p>\n","protected":false},"author":1,"featured_media":0,"comment_status":"open","ping_status":"open","sticky":false,"template":"","format":"standard","meta":{"footnotes":""},"categories":[3],"tags":[],"class_list":["post-225","post","type-post","status-publish","format-standard","hentry","category-actividades-actividades"],"_links":{"self":[{"href":"https:\/\/www.asgaivotas.com\/index.php?rest_route=\/wp\/v2\/posts\/225","targetHints":{"allow":["GET"]}}],"collection":[{"href":"https:\/\/www.asgaivotas.com\/index.php?rest_route=\/wp\/v2\/posts"}],"about":[{"href":"https:\/\/www.asgaivotas.com\/index.php?rest_route=\/wp\/v2\/types\/post"}],"author":[{"embeddable":true,"href":"https:\/\/www.asgaivotas.com\/index.php?rest_route=\/wp\/v2\/users\/1"}],"replies":[{"embeddable":true,"href":"https:\/\/www.asgaivotas.com\/index.php?rest_route=%2Fwp%2Fv2%2Fcomments&post=225"}],"version-history":[{"count":0,"href":"https:\/\/www.asgaivotas.com\/index.php?rest_route=\/wp\/v2\/posts\/225\/revisions"}],"wp:attachment":[{"href":"https:\/\/www.asgaivotas.com\/index.php?rest_route=%2Fwp%2Fv2%2Fmedia&parent=225"}],"wp:term":[{"taxonomy":"category","embeddable":true,"href":"https:\/\/www.asgaivotas.com\/index.php?rest_route=%2Fwp%2Fv2%2Fcategories&post=225"},{"taxonomy":"post_tag","embeddable":true,"href":"https:\/\/www.asgaivotas.com\/index.php?rest_route=%2Fwp%2Fv2%2Ftags&post=225"}],"curies":[{"name":"wp","href":"https:\/\/api.w.org\/{rel}","templated":true}]}}