{"id":251,"date":"2012-06-25T08:52:10","date_gmt":"2012-06-25T08:52:10","guid":{"rendered":"http:\/\/asgaivotas.com\/resultados-do-v-open-f3a-cerceda-2012\/"},"modified":"2012-06-25T08:52:10","modified_gmt":"2012-06-25T08:52:10","slug":"resultados-do-v-open-f3a-cerceda-2012","status":"publish","type":"post","link":"https:\/\/www.asgaivotas.com\/?p=251","title":{"rendered":"Resultados do V Open F3A &#8211; Cerceda 2012"},"content":{"rendered":"<p style=\"text-align: center;\" mce_style=\"text-align: center;\"><img loading=\"lazy\" decoding=\"async\" src=\"http:\/\/asgaivotas.com\/wp-content\/uploads\/2012\/06\/awjfwb1ciaewvgl.jpg\" mce_src=\"http:\/\/asgaivotas.com\/wp-content\/uploads\/2012\/06\/awjfwb1ciaewvgl.jpg\" height=\"647\" width=\"550\"><\/p>\n<p>Xa temos un novo campi\u00f3n do <b>V Open de F3A Cerceda 2012 &#8211; World Cup<\/b>. Tr\u00e1tase do austr\u00edaco <b>Gerhard Mayr<\/b>, que sumou tres miles na final. O segundo foi <b>Wolfgang Matt<\/b>, representando a Liechtenstein e o terceiro posto do podium foi para o franc\u00e9s<b> Loic Burbaud<\/b>. Entre os espa\u00f1ois, o primeiro clasificado foi <b>Mario del Valle<\/b> (4\u00ba), seguido por <b>Andr\u00e9s Leoni<\/b> (6\u00ba) e <b>Luis Eduardo Ortega<\/b> (7\u00ba).<\/p>\n<p><a mce_href=\"http:\/\/asgaivotas.com\/wp-content\/uploads\/2012\/06\/open2012-resultado.pdf\" href=\"http:\/\/asgaivotas.com\/wp-content\/uploads\/2012\/06\/open2012-resultado.pdf\"><img loading=\"lazy\" decoding=\"async\" src=\"http:\/\/www.asgaivotas.com\/http:\/\/asgaivotas.com\/wp-content\/uploads\/2011\/02\/pdf.png\" mce_src=\"images\/pdf.png\" height=\"32\" width=\"32\"> Resultados Open 2012.pdf<\/a><br mce_bogus=\"1\"><\/p>\n<p><a mce_href=\"http:\/\/asgaivotas.com\/wp-content\/uploads\/2012\/06\/open2012-resultado-avanzada.pdf\" href=\"http:\/\/asgaivotas.com\/wp-content\/uploads\/2012\/06\/open2012-resultado-avanzada.pdf\"><img decoding=\"async\" src=\"http:\/\/asgaivotas.com\/wp-content\/uploads\/2011\/02\/pdf.png\" mce_src=\"http:\/\/asgaivotas.com\/wp-content\/uploads\/2011\/02\/pdf.png\"><\/a><a mce_href=\"http:\/\/asgaivotas.com\/wp-content\/uploads\/2012\/06\/open2012-resultado-avanzada.pdf\" href=\"http:\/\/asgaivotas.com\/wp-content\/uploads\/2012\/06\/open2012-resultado-avanzada.pdf\"> Resultados categor\u00eda Avanzada.pdf<\/a><\/p>\n<p>Queremos aproveitar para sinalar o alt\u00edsimo nivel mostrado por todos os pilotos participantes, as\u00ed coma os xuices nacion\u00e1is e internacion\u00e1is, tanto a nivel profisional como humano, e agradecer \u00e1s entidades patrocinadoras e \u00f3s colaboradores o seu traballo e esforzo.<\/p>\n<p>Ata o pr\u00f3ximo ano!<\/p>\n","protected":false},"excerpt":{"rendered":"<p>Xa temos un novo campi\u00f3n do V Open de F3A Cerceda 2012 &#8211; World Cup. Tr\u00e1tase do austr\u00edaco Gerhard Mayr, que sumou tres miles na final. O segundo foi Wolfgang Matt, representando a Liechtenstein e o terceiro posto do podium foi para o franc\u00e9s Loic Burbaud. Entre os espa\u00f1ois, o primeiro clasificado foi Mario del &hellip; <\/p>\n<p class=\"link-more\"><a href=\"https:\/\/www.asgaivotas.com\/?p=251\" class=\"more-link\">Continuar leyendo<span class=\"screen-reader-text\"> \u00abResultados do V Open F3A &#8211; Cerceda 2012\u00bb<\/span><\/a><\/p>\n","protected":false},"author":1,"featured_media":248,"comment_status":"open","ping_status":"open","sticky":false,"template":"","format":"standard","meta":{"footnotes":""},"categories":[23],"tags":[],"class_list":["post-251","post","type-post","status-publish","format-standard","has-post-thumbnail","hentry","category-open-internacional-f3a-2012"],"_links":{"self":[{"href":"https:\/\/www.asgaivotas.com\/index.php?rest_route=\/wp\/v2\/posts\/251","targetHints":{"allow":["GET"]}}],"collection":[{"href":"https:\/\/www.asgaivotas.com\/index.php?rest_route=\/wp\/v2\/posts"}],"about":[{"href":"https:\/\/www.asgaivotas.com\/index.php?rest_route=\/wp\/v2\/types\/post"}],"author":[{"embeddable":true,"href":"https:\/\/www.asgaivotas.com\/index.php?rest_route=\/wp\/v2\/users\/1"}],"replies":[{"embeddable":true,"href":"https:\/\/www.asgaivotas.com\/index.php?rest_route=%2Fwp%2Fv2%2Fcomments&post=251"}],"version-history":[{"count":0,"href":"https:\/\/www.asgaivotas.com\/index.php?rest_route=\/wp\/v2\/posts\/251\/revisions"}],"wp:featuredmedia":[{"embeddable":true,"href":"https:\/\/www.asgaivotas.com\/index.php?rest_route=\/"}],"wp:attachment":[{"href":"https:\/\/www.asgaivotas.com\/index.php?rest_route=%2Fwp%2Fv2%2Fmedia&parent=251"}],"wp:term":[{"taxonomy":"category","embeddable":true,"href":"https:\/\/www.asgaivotas.com\/index.php?rest_route=%2Fwp%2Fv2%2Fcategories&post=251"},{"taxonomy":"post_tag","embeddable":true,"href":"https:\/\/www.asgaivotas.com\/index.php?rest_route=%2Fwp%2Fv2%2Ftags&post=251"}],"curies":[{"name":"wp","href":"https:\/\/api.w.org\/{rel}","templated":true}]}}