{"id":291,"date":"2013-06-09T17:22:20","date_gmt":"2013-06-09T17:22:20","guid":{"rendered":"http:\/\/asgaivotas.com\/clasificacion-da-proba-do-galego-de-f3a-2013\/"},"modified":"2013-06-09T17:22:20","modified_gmt":"2013-06-09T17:22:20","slug":"clasificacion-da-proba-do-galego-de-f3a-2013","status":"publish","type":"post","link":"https:\/\/www.asgaivotas.com\/?p=291","title":{"rendered":"Clasificaci\u00f3n da Proba do Galego de F3A &#8211; 2013"},"content":{"rendered":"<p style=\"text-align: center;\" mce_style=\"text-align: center;\"><img decoding=\"async\" src=\"http:\/\/asgaivotas.com\/wp-content\/uploads\/2013\/06\/img_20130526_143556.jpg\" mce_src=\"http:\/\/asgaivotas.com\/wp-content\/uploads\/2013\/06\/img_20130526_143556.jpg\"><\/p>\n<p>A primeira proba do Galego de F3A deste ano resultou moi competida na categor\u00eda A. Cos tres participantes mov\u00e9ndose entre os 900 e os 1.000 puntos, calquera deles poder\u00eda ser o ga\u00f1ador. Finalmente, foi o noso compa\u00f1eiro Agust\u00edn Rey o que acadou o primeiro post<span class=\"system-pagebreak\">o.<\/span><\/p>\n<p><span class=\"system-pagebreak\"><\/span><\/p>\n<p> <!--more--> <\/p>\n<p>A clasificaci\u00f3n final foi a seguinte:<\/p>\n<\/p>\n<p>1\u00ba.- Agust\u00edn Rey &#8211; 2000 puntos<\/p>\n<p>2\u00ba.- Jos\u00e9 Manuel Miranda &#8211; 1962 puntos<\/p>\n<p>3\u00ba.- Jos\u00e9 Luis Paradela &#8211; 1960 puntos<\/p>\n<p style=\"text-align: center;\" mce_style=\"text-align: center;\"><img decoding=\"async\" src=\"http:\/\/asgaivotas.com\/wp-content\/uploads\/2013\/06\/img_20130526_143751.jpg\" mce_src=\"http:\/\/asgaivotas.com\/wp-content\/uploads\/2013\/06\/img_20130526_143751.jpg\"><\/p>\n<p>Na categor\u00eda C, o noso compa\u00f1eiro Jos\u00e9 Luis Arias impuso a s\u00faa lei con rotundidade. Esta foi a clasificaci\u00f3n:<\/p>\n<p>1\u00ba.- Jos\u00e9 Luis Arias &#8211; 2000 puntos<\/p>\n<p>2\u00ba.- Leonardo Pereiro &#8211; 1385 puntos<\/p>\n<p>3\u00ba.- Horacio Chella &#8211; 1293 puntos<\/p>\n<p>Moitas gracias a todos e ata a pr\u00f3xima!<\/p>\n","protected":false},"excerpt":{"rendered":"<p>A primeira proba do Galego de F3A deste ano resultou moi competida na categor\u00eda A. Cos tres participantes mov\u00e9ndose entre os 900 e os 1.000 puntos, calquera deles poder\u00eda ser o ga\u00f1ador. Finalmente, foi o noso compa\u00f1eiro Agust\u00edn Rey o que acadou o primeiro posto.<\/p>\n","protected":false},"author":1,"featured_media":289,"comment_status":"open","ping_status":"open","sticky":false,"template":"","format":"standard","meta":{"footnotes":""},"categories":[3],"tags":[],"class_list":["post-291","post","type-post","status-publish","format-standard","has-post-thumbnail","hentry","category-actividades-actividades"],"_links":{"self":[{"href":"https:\/\/www.asgaivotas.com\/index.php?rest_route=\/wp\/v2\/posts\/291","targetHints":{"allow":["GET"]}}],"collection":[{"href":"https:\/\/www.asgaivotas.com\/index.php?rest_route=\/wp\/v2\/posts"}],"about":[{"href":"https:\/\/www.asgaivotas.com\/index.php?rest_route=\/wp\/v2\/types\/post"}],"author":[{"embeddable":true,"href":"https:\/\/www.asgaivotas.com\/index.php?rest_route=\/wp\/v2\/users\/1"}],"replies":[{"embeddable":true,"href":"https:\/\/www.asgaivotas.com\/index.php?rest_route=%2Fwp%2Fv2%2Fcomments&post=291"}],"version-history":[{"count":0,"href":"https:\/\/www.asgaivotas.com\/index.php?rest_route=\/wp\/v2\/posts\/291\/revisions"}],"wp:featuredmedia":[{"embeddable":true,"href":"https:\/\/www.asgaivotas.com\/index.php?rest_route=\/"}],"wp:attachment":[{"href":"https:\/\/www.asgaivotas.com\/index.php?rest_route=%2Fwp%2Fv2%2Fmedia&parent=291"}],"wp:term":[{"taxonomy":"category","embeddable":true,"href":"https:\/\/www.asgaivotas.com\/index.php?rest_route=%2Fwp%2Fv2%2Fcategories&post=291"},{"taxonomy":"post_tag","embeddable":true,"href":"https:\/\/www.asgaivotas.com\/index.php?rest_route=%2Fwp%2Fv2%2Ftags&post=291"}],"curies":[{"name":"wp","href":"https:\/\/api.w.org\/{rel}","templated":true}]}}