{"id":335,"date":"2014-09-21T20:30:35","date_gmt":"2014-09-21T20:30:35","guid":{"rendered":"http:\/\/asgaivotas.com\/pilotos-inscritos-al-i-open-nacional-de-f5j-2014\/"},"modified":"2014-09-21T20:30:35","modified_gmt":"2014-09-21T20:30:35","slug":"pilotos-inscritos-al-i-open-nacional-de-f5j-2014","status":"publish","type":"post","link":"https:\/\/www.asgaivotas.com\/?p=335","title":{"rendered":"Pilotos inscritos al I Open Nacional de F5J &#8211; 2014"},"content":{"rendered":"<p>A falta s\u00f3lo de una semana para el <b>I Open Nacional de F5J As Gaivotas -2014<\/b>, esta es la lista de inscritos:<\/p>\n<ul>\n<li>Juan Ramos &#8211; Club Grupo Halc\u00f3n de Veleros<\/li>\n<li>Ra\u00fal D\u00edaz &#8211; As Gaivotas<\/li>\n<li>Daniel Samaniego &#8211; As Gaivotas<\/li>\n<li>Miguel \u00c1ngel Garc\u00eda &#8211; As Gaivotas<\/li>\n<li>Roberto Rabina &#8211; As Gaivotas<\/li>\n<li>Antonio Tirado &#8211; Club Petirrojo<\/li>\n<li>Luis Alabau &#8211; As Gaivotas<\/li>\n<li>Carlos Casqueiro &#8211; Furaventos<\/li>\n<li>\u00c1lvaro Barcia &#8211; As Gaivotas<\/li>\n<li>Javier Hern\u00e1ndez &#8211; Club Petirrojo<\/li>\n<li>Jos\u00e9 Antonio Orviz &#8211; Asturias<\/li>\n<li>Paco Pi\u00f1eiro &#8211; Furaventos<\/li>\n<li>Jos\u00e9 Manuel Miranda &#8211; As Gaivotas<\/li>\n<li>Javier Iglesias &#8211; Club Akiru<\/li>\n<\/ul>\n<p>Recordamos a los pilotos que el <b>s\u00e1bado 27 <\/b>lo dedicaremos a entrenamientos en pista y que, por la noche, realizaremos una cena de confraternizaci\u00f3n, por lo que rogamos nos indiqu\u00e9is el n\u00famero de asistentes. El <b>domingo 28 por la ma\u00f1ana iniciaremos la competici\u00f3n<\/b>.<\/p>\n<p>Para los que no sep\u00e1is el sitio, esta es la localizaci\u00f3n en Google Maps de la pista de A Queimada:<\/p>\n<p><iframe loading=\"lazy\" src=\"https:\/\/www.google.com\/maps\/embed?pb=!1m14!1m8!1m3!1d11638.613145024887!2d-8.117876747431891!3d43.17480146303338!3m2!1i1024!2i768!4f13.1!3m3!1m2!1s0x0%3A0x0!2zNDPCsDEwJzMyLjUiTiA4wrAwNycwMS4xIlc!5e0!3m2!1ses!2ses!4v1411333724195\" mce_src=\"https:\/\/www.google.com\/maps\/embed?pb=!1m14!1m8!1m3!1d11638.613145024887!2d-8.117876747431891!3d43.17480146303338!3m2!1i1024!2i768!4f13.1!3m3!1m2!1s0x0%3A0x0!2zNDPCsDEwJzMyLjUiTiA4wrAwNycwMS4xIlc!5e0!3m2!1ses!2ses!4v1411333724195\" style=\"border:0\" mce_style=\"border:0\" height=\"300\" width=\"400\" frameborder=\"0\"><\/iframe><\/p>\n<p>\u00a1Nos vemos en breve!<\/p>\n","protected":false},"excerpt":{"rendered":"<p>A falta s\u00f3lo de una semana para el I Open Nacional de F5J As Gaivotas -2014, esta es la lista de inscritos: Juan Ramos &#8211; Club Grupo Halc\u00f3n de Veleros Ra\u00fal D\u00edaz &#8211; As Gaivotas Daniel Samaniego &#8211; As Gaivotas Miguel \u00c1ngel Garc\u00eda &#8211; As Gaivotas Roberto Rabina &#8211; As Gaivotas Antonio Tirado &#8211; Club &hellip; <\/p>\n<p class=\"link-more\"><a href=\"https:\/\/www.asgaivotas.com\/?p=335\" class=\"more-link\">Continuar leyendo<span class=\"screen-reader-text\"> \u00abPilotos inscritos al I Open Nacional de F5J &#8211; 2014\u00bb<\/span><\/a><\/p>\n","protected":false},"author":1,"featured_media":0,"comment_status":"open","ping_status":"open","sticky":false,"template":"","format":"standard","meta":{"footnotes":""},"categories":[29],"tags":[],"class_list":["post-335","post","type-post","status-publish","format-standard","hentry","category-open-nacional-f5j-2014"],"_links":{"self":[{"href":"https:\/\/www.asgaivotas.com\/index.php?rest_route=\/wp\/v2\/posts\/335","targetHints":{"allow":["GET"]}}],"collection":[{"href":"https:\/\/www.asgaivotas.com\/index.php?rest_route=\/wp\/v2\/posts"}],"about":[{"href":"https:\/\/www.asgaivotas.com\/index.php?rest_route=\/wp\/v2\/types\/post"}],"author":[{"embeddable":true,"href":"https:\/\/www.asgaivotas.com\/index.php?rest_route=\/wp\/v2\/users\/1"}],"replies":[{"embeddable":true,"href":"https:\/\/www.asgaivotas.com\/index.php?rest_route=%2Fwp%2Fv2%2Fcomments&post=335"}],"version-history":[{"count":0,"href":"https:\/\/www.asgaivotas.com\/index.php?rest_route=\/wp\/v2\/posts\/335\/revisions"}],"wp:attachment":[{"href":"https:\/\/www.asgaivotas.com\/index.php?rest_route=%2Fwp%2Fv2%2Fmedia&parent=335"}],"wp:term":[{"taxonomy":"category","embeddable":true,"href":"https:\/\/www.asgaivotas.com\/index.php?rest_route=%2Fwp%2Fv2%2Fcategories&post=335"},{"taxonomy":"post_tag","embeddable":true,"href":"https:\/\/www.asgaivotas.com\/index.php?rest_route=%2Fwp%2Fv2%2Ftags&post=335"}],"curies":[{"name":"wp","href":"https:\/\/api.w.org\/{rel}","templated":true}]}}