{"id":337,"date":"2014-09-30T13:39:09","date_gmt":"2014-09-30T13:39:09","guid":{"rendered":"http:\/\/asgaivotas.com\/clasificacion-del-i-open-nacional-de-f5j-as-gaivotas-2014\/"},"modified":"2014-09-30T13:39:09","modified_gmt":"2014-09-30T13:39:09","slug":"clasificacion-del-i-open-nacional-de-f5j-as-gaivotas-2014","status":"publish","type":"post","link":"https:\/\/www.asgaivotas.com\/?p=337","title":{"rendered":"Clasificaci\u00f3n del I Open Nacional de F5J As Gaivotas 2014"},"content":{"rendered":"<p style=\"text-align: center;\" mce_style=\"text-align: center;\"><img decoding=\"async\" src=\"http:\/\/asgaivotas.com\/wp-content\/uploads\/2014\/09\/podium-f5j-open-2014web.jpg\" mce_src=\"http:\/\/asgaivotas.com\/wp-content\/uploads\/2014\/09\/podium-f5j-open-2014web.jpg\"><\/p>\n<p>Este fin de semana celebramos la primera edici\u00f3n del <b>Open F5J As Gaivotas 2014<\/b>. A la vista de los resultados, est\u00e1 claro que no ser\u00e1 la \u00faltima. Para los impacientes, decir que el podio fue el siguiente:<\/p>\n<ol>\n<li>Juan Ramos<\/li>\n<li>Javier Iglesias<\/li>\n<li>Daniel Samaniego<\/li>\n<\/ol>\n<p> <!--more--> <\/p>\n<p>Y para los que quer\u00e1is saber m\u00e1s, pues decir que el s\u00e1bado comenzamos los entrenamientos para la prueba del domingo con un tiempo excelente. A primera hora, apenas corr\u00eda una ligera brisa en la pista de <b>A Queimada<\/b>, aunque el aire estaba fr\u00edo por lo que las t\u00e9rmicas parece que no ten\u00edan ganas de salir. A mediod\u00eda la brisa soplaba ya un poco m\u00e1s, lo que dificultaba alguna toma, pero sin ser especialmente peligrosa. Ese d\u00eda recibimos la visita del Presidente en Funciones de la<b> Federaci\u00f3n Aeron\u00e1utica Gallega<\/b>, que acudi\u00f3 en compa\u00f1\u00eda de su esposa. Por la noche distrutamos de una agradable cena en A Coru\u00f1a, en la <b>Pulper\u00eda Riazor<\/b>, que sirvi\u00f3 para que los que ven\u00edan de fuera nos conociesen (y viceversa), algo muy necesario para potenciar esta especialidad en Galicia. Despu\u00e9s de la cena, los previsores se marcharon a descansar y los m\u00e1s atrevidos a\u00fan tuvieron tiempo de visitar alg\u00fan local de copas pr\u00f3ximo.<\/p>\n<p><\/p>\n<p>El domingo la previsi\u00f3n anunciaba lluvias d\u00e9biles o, en su defecto, nieblas, por lo que la preocupaci\u00f3n de la organizaci\u00f3n era latente. Sin embargo, el d\u00eda se present\u00f3 con un precioso cielo azul, aunque de camino hacia la pista encontramos zonas bajas con bastante niebla. Por suerte, al estar en un alto, en A Queimada el cielo estaba completamente despejado, aunque se apreciaban algunas nubes en el horizonte. As\u00ed, comenzamos las pesadas y mediciones de los modelos que se realizaron de forma r\u00e1pida y eficiente. Se repartieron las tarjetas para las puntuaciones de las 4 mangas de las que constar\u00eda la prueba, incluyendo el tiempo de motor asignado y el listado de pilotos y bases para cada una de ellas. Al haber 14 pilotos inscritos, se decidi\u00f3 dividirlos en dos grupos para utilizar 7 bases. De este modo, la previsi\u00f3n era que la prueba durase 2 horas y cuarto, no haciendo paradas salvo los 5 minutos de rigor entre cada maga y <i>refly<\/i>. <\/p>\n<p>Comenzamos poco despu\u00e9s de las 10:30 seg\u00fan lo previsto y en la primera Juan Ramos ya demostr\u00f3 su dominio en el aire al conseguir el primer 1000. Antonio Tirado hizo lo propio en su grupo y los pilotos locales ya pens\u00e1bamos que nuestras opciones de clasificarnos por delante ser\u00edan remotas. En estos primeros vuelos, pocos llegaban a los 9 minutos pues apenas hab\u00eda alguna burbuja que s\u00f3lo los maestros consegu\u00edan encontrar. Sin embargo, en la segunda manga Juan Ramos demostr\u00f3 que tambi\u00e9n es humano y su puntuaci\u00f3n baj\u00f3 a los 740 puntos, con un 1000 para Javier Iglesias y otro para el piloto local Miguel \u00c1ngel Garc\u00eda que consigui\u00f3 esta vez, hacer sonar la flauta y enroscarse en una t\u00e9rmica que le dar\u00eda los otros 1000 puntos. De nuevo, todo estaba abierto.<\/p>\n<p>En la tercera manga pocos pilotos pudieron hacer vuelos largos, pues las descendencias se notaban pr\u00f3ximas a la pista. Esta vez, Juan Ramos volvi\u00f3 a brillar, alcanzando su segundo 1000, seguido muy de cerca por Javier Iglesias; mientras que el piloto local Daniel Samaniego, que fue mejorando su registro seg\u00fan avanzaba la prueba, consegu\u00eda su primer 1000. La cuarta manga fue parecida, dominio de Juan Ramos y de Daniel Samaniego. <\/p>\n<p>Una vez finalizados los vuelos y habiendo introducido ya todas las puntuaciones, se procedi\u00f3 a la entrega de diplomas a todos los participantes y los trofeos a los tres primeros clasificados. As\u00ed, a\u00fan antes de las 14:00 ya est\u00e1bamos todos sentados en la mesa del Restaurante Casa Ferreiro pr\u00f3ximo a la pista.<\/p>\n<p>Y poco m\u00e1s que a\u00f1adir, al final os dejamos la clasificaci\u00f3n general. Agradecer desde As Gaivotas a todos los colaboradores por el esfuerzo y la buena organizaci\u00f3n y a los pilotos su asistencia. Estamos seguros que el gusanillo de la F5J ya nos ha picado a todos y que eso nos animar\u00e1 a participar en alguna prueba nacional. \u00a1Gracias a todos por asistir y hasta el a\u00f1o que viene!<\/p>\n<h2>Clasificaci\u00f3n General<\/h2>\n<ol>\n<li>Juan Ramos &#8211; 3.740 puntos<\/li>\n<li>Javier Iglesias &#8211; 3.498 puntos<\/li>\n<li>Daniel Samaniego &#8211; 3.214 puntos<\/li>\n<li>Miguel \u00c1ngel Garc\u00eda &#8211; 3.207 puntos<\/li>\n<li>Jos\u00e9 Manuel Miranda &#8211; 2.914 puntos<\/li>\n<li>Javier Hern\u00e1ndez &#8211; 2.905 puntos<\/li>\n<li>Antonio Tirado &#8211; 2.866 puntos<\/li>\n<li>Jos\u00e9 Antonio Orviz &#8211; 2.834 puntos<\/li>\n<li>Luis Alabau &#8211; 2.288 puntos<\/li>\n<li>Francisco Pi\u00f1eiro &#8211; 1.838 puntos<\/li>\n<li>Carlos Casqueiro &#8211; 1.558 puntos<\/li>\n<li>Roberto Rabina &#8211; 944 puntos<\/li>\n<li>\u00c1lvaro Barcia &#8211; 438 puntos<\/li>\n<li>Ra\u00fal D\u00edaz &#8211; 0 puntos<\/li>\n<\/ol>\n<p><\/p>\n","protected":false},"excerpt":{"rendered":"<p>Este fin de semana celebramos la primera edici\u00f3n del Open F5J As Gaivotas 2014. A la vista de los resultados, est\u00e1 claro que no ser\u00e1 la \u00faltima. Para los impacientes, decir que el podio fue el siguiente: Juan Ramos Javier Iglesias Daniel Samaniego<\/p>\n","protected":false},"author":1,"featured_media":336,"comment_status":"open","ping_status":"open","sticky":false,"template":"","format":"standard","meta":{"footnotes":""},"categories":[29],"tags":[],"class_list":["post-337","post","type-post","status-publish","format-standard","has-post-thumbnail","hentry","category-open-nacional-f5j-2014"],"_links":{"self":[{"href":"https:\/\/www.asgaivotas.com\/index.php?rest_route=\/wp\/v2\/posts\/337","targetHints":{"allow":["GET"]}}],"collection":[{"href":"https:\/\/www.asgaivotas.com\/index.php?rest_route=\/wp\/v2\/posts"}],"about":[{"href":"https:\/\/www.asgaivotas.com\/index.php?rest_route=\/wp\/v2\/types\/post"}],"author":[{"embeddable":true,"href":"https:\/\/www.asgaivotas.com\/index.php?rest_route=\/wp\/v2\/users\/1"}],"replies":[{"embeddable":true,"href":"https:\/\/www.asgaivotas.com\/index.php?rest_route=%2Fwp%2Fv2%2Fcomments&post=337"}],"version-history":[{"count":0,"href":"https:\/\/www.asgaivotas.com\/index.php?rest_route=\/wp\/v2\/posts\/337\/revisions"}],"wp:featuredmedia":[{"embeddable":true,"href":"https:\/\/www.asgaivotas.com\/index.php?rest_route=\/"}],"wp:attachment":[{"href":"https:\/\/www.asgaivotas.com\/index.php?rest_route=%2Fwp%2Fv2%2Fmedia&parent=337"}],"wp:term":[{"taxonomy":"category","embeddable":true,"href":"https:\/\/www.asgaivotas.com\/index.php?rest_route=%2Fwp%2Fv2%2Fcategories&post=337"},{"taxonomy":"post_tag","embeddable":true,"href":"https:\/\/www.asgaivotas.com\/index.php?rest_route=%2Fwp%2Fv2%2Ftags&post=337"}],"curies":[{"name":"wp","href":"https:\/\/api.w.org\/{rel}","templated":true}]}}