{"id":667,"date":"2007-07-30T23:09:43","date_gmt":"2007-07-30T23:09:43","guid":{"rendered":"http:\/\/asgaivotas.com\/historia-do-clube\/"},"modified":"2007-07-30T23:09:43","modified_gmt":"2007-07-30T23:09:43","slug":"historia-do-clube","status":"publish","type":"post","link":"https:\/\/www.asgaivotas.com\/?p=667","title":{"rendered":"Historia do clube"},"content":{"rendered":"<p align=\"center\"><img decoding=\"async\" src=\"images\/stories\/f1.jpg\" alt=\"\" align=\"absmiddle\" \/><\/p>\n<p>&nbsp;<\/p>\n<p align=\"center\">\u00a0<img loading=\"lazy\" decoding=\"async\" class=\" size-full wp-image-5\" title=\"Inicios do clube\" src=\"http:\/\/asgaivotas.com\/wp-content\/uploads\/2007\/07\/foto1.jpg\" alt=\" \" width=\"396\" height=\"265\" \/><\/p>\n<p><span style=\"font-size: small;\">En campos preto de A Coru\u00f1a, e por libre, escomenza a actividade aeromodelista, pero pouco a pouco os distintos afeccionados a esta actividade vanse xuntando nas chamadas Marismas de Betanzos. \u00c9 en este lugar onde empeza e se experimenta xa con modelos de certa calidade, e con elo xurde a necesidade de organizarse e loitar para que esta afecci\u00f3n poidese ser unha actividade normal e c\u00f3moda coa vida coti\u00e1. Son os primeiros pasos, o xerme do que hoxe se co\u00f1ece como Clube de Aeromodelismo As Gaivotas.<\/span><\/p>\n<p><!--more--><\/p>\n<p align=\"center\"><img loading=\"lazy\" decoding=\"async\" class=\" size-full wp-image-6\" src=\"http:\/\/asgaivotas.com\/wp-content\/uploads\/2007\/07\/foto8.jpg\" alt=\" \" width=\"242\" height=\"178\" \/><\/p>\n<p align=\"center\"><img loading=\"lazy\" decoding=\"async\" class=\" size-full wp-image-7\" src=\"http:\/\/asgaivotas.com\/wp-content\/uploads\/2007\/07\/foto9.jpg\" alt=\" \" width=\"240\" height=\"176\" \/><\/p>\n<p align=\"center\"><span style=\"font-family: arial,helvetica,sans-serif;\"><img decoding=\"async\" src=\"images\/stories\/f6.jpg\" alt=\"\" align=\"absmiddle\" \/><\/span><\/p>\n<p align=\"center\"><span style=\"font-family: arial,helvetica,sans-serif;\"><img decoding=\"async\" src=\"images\/stories\/f7.jpg\" alt=\"\" align=\"absmiddle\" \/><\/span><\/p>\n<p><span style=\"font-family: arial,helvetica,sans-serif;\"><span style=\"font-size: 12pt;\"><span style=\"font-family: arial,helvetica,sans-serif; font-size: small;\">Despois de moitas situaci\u00f3ns, xesti\u00f3ns, intenci\u00f3ns, ideas, etc &#8230; \u00e9 polo ano 1983 cando nace o que se chamar\u00e1 Clube de Voo Cambre, o cal, en un principio tratou de xuntar toda a actividade a\u00e9rea da zona, non s\u00f3 a parte de aeromodelismo, que m\u00e1is tarde dar\u00eda nacemento a este clube.<\/span><\/span><\/span><\/p>\n<p align=\"center\"><img loading=\"lazy\" decoding=\"async\" class=\" size-full wp-image-5\" src=\"http:\/\/asgaivotas.com\/wp-content\/uploads\/2007\/07\/foto1.jpg\" alt=\" \" width=\"396\" height=\"265\" \/><\/p>\n<p align=\"center\"><span style=\"font-family: arial,helvetica,sans-serif;\"><span style=\"font-size: 12pt;\"><span style=\"font-size: small;\"><img decoding=\"async\" src=\"images\/stories\/f1.jpg\" alt=\"\" align=\"absmiddle\" \/><\/span><\/span><\/span><\/p>\n<p align=\"justify\"><span style=\"font-size: 12pt;\"><span style=\"font-size: 12pt;\"><span style=\"font-size: small;\"><span style=\"font-family: arial,helvetica,sans-serif; font-size: small;\">En ese punto da nosa historia, depend\u00edamos a efectos legais da FENDA (Federaci\u00f3n Espa\u00f1ola de los Deportes A\u00e9reos). Instituci\u00f3n lonxana, xa que a s\u00faa sede social se atopaba en Madrid e a s\u00faa lonxan\u00eda fac\u00edase patente na nosa actividade.<\/span><\/span><\/span><\/span><\/p>\n<div align=\"left\"><span style=\"font-size: 12pt;\"><span style=\"font-size: 12pt;\"><span style=\"font-size: small;\"><span style=\"font-family: arial,helvetica,sans-serif; font-size: small;\">Coa chegada das autonom\u00edas, e al\u00e1 polo ano 1985, o clube participa<\/span><\/span><\/span><\/span><span style=\"font-size: 12pt;\"><span style=\"font-size: 12pt;\"><span style=\"font-size: small;\"><span style=\"font-family: arial,helvetica,sans-serif; font-size: small;\">\u00a0 na constituci\u00f3n da FEGADA ou Federaci\u00f3n Galega de Deportes A\u00e9reos, o que \u00e9 hoxe en d\u00eda a FAG.<\/span><\/span><\/span><\/span><\/div>\n<div align=\"left\"><\/div>\n<div align=\"center\"><img loading=\"lazy\" decoding=\"async\" class=\" size-full wp-image-8\" src=\"http:\/\/asgaivotas.com\/wp-content\/uploads\/2007\/07\/foto10.jpg\" alt=\" \" width=\"245\" height=\"176\" \/><\/div>\n<p align=\"center\"><span style=\"font-size: 12pt;\"><span style=\"font-size: 12pt;\"><span style=\"font-size: small;\"><img decoding=\"async\" src=\"images\/stories\/f8.jpg\" alt=\"\" align=\"absmiddle\" \/><\/span><\/span><\/span><\/p>\n<p align=\"justify\"><span style=\"font-size: 12pt;\"><span style=\"font-size: 12pt;\"><span style=\"font-size: 12pt;\"><span style=\"font-size: 12pt;\"><span style=\"font-size: small;\"><span style=\"font-family: arial,helvetica,sans-serif; font-size: small;\">Coa histor\u00eda o clube foi cambiando de ubicaci\u00f3n ata nace o primeiro campo oficial de voo, o campo de Gu\u00edsamo, que m\u00e1is tarde ter\u00edamos que avandoar, xa que pasar\u00eda a formar parte dos terreos expropiados para a construcci\u00f3n do tramo da autopista A9 Gu\u00edsamo-Ferrol. En este campo, de Gu\u00edsamo, estivemos como uns 5 anos. <\/span><\/span><\/span><\/span><\/span><\/span><\/p>\n<div align=\"left\"><span style=\"font-size: 12pt;\"><span style=\"font-size: 12pt;\"><span style=\"font-size: 12pt;\"><span style=\"font-size: 12pt;\"><span style=\"font-size: small;\"><span style=\"font-family: arial,helvetica,sans-serif; font-size: small;\">O seguinte campo ser\u00eda no Pol\u00edgono Industrial de Bergondo, esta ubicai\u00f3n foi moi corta no tempo. De al\u00ed pasamos ao que \u00e9 hoxe en d\u00eda a nosa ubicaci\u00f3n, no campo de voo da Queimada, no concello de Oza dos Rios, campo que \u00e9 propiedade do clube.<\/span><\/span><\/span><\/span><\/span><\/span><\/div>\n<div align=\"left\"><\/div>\n<div align=\"center\"><img loading=\"lazy\" decoding=\"async\" class=\" size-full wp-image-9\" src=\"http:\/\/asgaivotas.com\/wp-content\/uploads\/2007\/07\/foto11.jpg\" alt=\" \" width=\"313\" height=\"209\" \/><\/div>\n<p align=\"center\"><span style=\"font-size: 12pt;\"><span style=\"font-size: 12pt;\"><span style=\"font-size: small;\"><img decoding=\"async\" src=\"images\/stories\/f9.jpg\" alt=\"\" align=\"absmiddle\" \/><\/span><\/span><\/span><\/p>\n<p class=\"MsoNormal\" style=\"margin: 0cm 0cm 0pt; text-align: justify;\" align=\"justify\"><span style=\"font-size: small;\"><span style=\"font-family: arial,helvetica,sans-serif; font-size: small;\"><span style=\"font-family: arial,helvetica,sans-serif; font-size: small;\"><span style=\"font-family: arial,helvetica,sans-serif; font-size: small;\"><span style=\"font-family: arial,helvetica,sans-serif; font-size: small;\">Con esta nova ubicaci\u00f3n e coa esperada estabilidade, o clube empeza a crecer en t\u00f3dolos sentidos, o clube medra en socios e acitividades. O clube todos os anos organiza todo tipo de actividades relacionadas co aeromodelismo, \u00e9 incluso, en estes momentos escomenza a facer demostraci\u00f3ns en concellos pr\u00f3ximos. E a xente segue evolucionando os seus modelos, dende aqueles robustos pero arcaicos avi\u00f3ns de balsa, ata os d\u00edas de hoxe, onde empezan a facer entrada as turbinas, e os veleros de grandes prestaci\u00f3ns.<\/span><\/span><\/span><\/span><\/span><\/p>\n<p class=\"MsoNormal\" style=\"margin: 0cm 0cm 0pt; text-align: justify;\" align=\"justify\">\n","protected":false},"excerpt":{"rendered":"<p>&nbsp; \u00a0 En campos preto de A Coru\u00f1a, e por libre, escomenza a actividade aeromodelista, pero pouco a pouco os distintos afeccionados a esta actividade vanse xuntando nas chamadas Marismas de Betanzos. \u00c9 en este lugar onde empeza e se experimenta xa con modelos de certa calidade, e con elo xurde a necesidade de organizarse &hellip; <\/p>\n<p class=\"link-more\"><a href=\"https:\/\/www.asgaivotas.com\/?p=667\" class=\"more-link\">Continuar leyendo<span class=\"screen-reader-text\"> \u00abHistoria do clube\u00bb<\/span><\/a><\/p>\n","protected":false},"author":1,"featured_media":0,"comment_status":"open","ping_status":"open","sticky":false,"template":"","format":"standard","meta":{"footnotes":""},"categories":[14,1],"tags":[],"class_list":["post-667","post","type-post","status-publish","format-standard","hentry","category-historia-club","category-sin-categoria"],"_links":{"self":[{"href":"https:\/\/www.asgaivotas.com\/index.php?rest_route=\/wp\/v2\/posts\/667","targetHints":{"allow":["GET"]}}],"collection":[{"href":"https:\/\/www.asgaivotas.com\/index.php?rest_route=\/wp\/v2\/posts"}],"about":[{"href":"https:\/\/www.asgaivotas.com\/index.php?rest_route=\/wp\/v2\/types\/post"}],"author":[{"embeddable":true,"href":"https:\/\/www.asgaivotas.com\/index.php?rest_route=\/wp\/v2\/users\/1"}],"replies":[{"embeddable":true,"href":"https:\/\/www.asgaivotas.com\/index.php?rest_route=%2Fwp%2Fv2%2Fcomments&post=667"}],"version-history":[{"count":0,"href":"https:\/\/www.asgaivotas.com\/index.php?rest_route=\/wp\/v2\/posts\/667\/revisions"}],"wp:attachment":[{"href":"https:\/\/www.asgaivotas.com\/index.php?rest_route=%2Fwp%2Fv2%2Fmedia&parent=667"}],"wp:term":[{"taxonomy":"category","embeddable":true,"href":"https:\/\/www.asgaivotas.com\/index.php?rest_route=%2Fwp%2Fv2%2Fcategories&post=667"},{"taxonomy":"post_tag","embeddable":true,"href":"https:\/\/www.asgaivotas.com\/index.php?rest_route=%2Fwp%2Fv2%2Ftags&post=667"}],"curies":[{"name":"wp","href":"https:\/\/api.w.org\/{rel}","templated":true}]}}