{"id":681,"date":"2021-09-08T23:02:28","date_gmt":"2021-09-08T23:02:28","guid":{"rendered":"http:\/\/asgaivotas.com\/?p=681"},"modified":"2021-09-08T23:02:28","modified_gmt":"2021-09-08T23:02:28","slug":"dia-del-club-aeromodelismo-as-gaivotas-2021-y-memorial-jose-luis-seijo-gil","status":"publish","type":"post","link":"https:\/\/www.asgaivotas.com\/?p=681","title":{"rendered":"D\u00eda del club aeromodelismo As Gaivotas 2021 y Memorial Jos\u00e9 Luis Seijo Gil"},"content":{"rendered":"<figure id=\"attachment_683\" aria-describedby=\"caption-attachment-683\" style=\"width: 212px\" class=\"wp-caption alignleft\"><img loading=\"lazy\" decoding=\"async\" class=\"wp-image-683 size-medium\" src=\"http:\/\/asgaivotas.com\/wp-content\/uploads\/2021\/09\/IMG-20210908-WA0003-1-212x300.jpg\" alt=\"\" width=\"212\" height=\"300\"><figcaption id=\"caption-attachment-683\" class=\"wp-caption-text\">Jos\u00e9 Luis Seijo Gil, querid\u00edsimo compa\u00f1ero y amigo<\/figcaption><\/figure>\n<p>Uno de los objetivos del club y por supuesto de la actual directiva, era retomar el pulso a las actividades tras los obligados parones por culpa de la pandemia. Si bien la actividad individual se fue manteniendo en funci\u00f3n de las restricciones, las competiciones y las quedadas aeromodel\u00edsticas sufrieron un par\u00f3n total el \u00faltimo a\u00f1o y medio, tanto en nuestro club como el resto del mundo en mayor o menor medida. Aprovechando la tendencia de la epidemia en la parte final del verano, nos propusimos intentar celebrar el d\u00eda del club como es tradici\u00f3n cada a\u00f1o. Buscamos fechas y nos pusimos en contacto con el resto de aeromodelistas amigos que una vez m\u00e1s atendieron a nuestra llamada. Finalmente se fij\u00f3 como fecha el fin de semana del 4 y 5 de septiembre. Este a\u00f1o era m\u00e1s especial si cabe, ya no solo por las circunstancias sanitarias y sociales del momento, sino porque le rend\u00edamos homenaje a uno de nuestros socios m\u00e1s queridos e ilustres, Jose Luis Seijo Gil, <em>Josito<\/em>, querido por todos dentro y fuera del club, que falleci\u00f3 este a\u00f1o, caus\u00e1ndonos gran tristeza y dolor, pues todos los que lo conoc\u00edamos lo quer\u00edamos y queremos como si de nuestra familia se tratase. Sirvan estas l\u00edneas como reconocimiento a un amigo que estar\u00e1 presente en nuestro club y nuestras vidas por siempre.<\/p>\n<p>Tras una semana de infarto en la que el tiempo amenaz\u00f3 gravemente con la suspensi\u00f3n del evento, finalmente se disiparon las dudas, pudiendo disfrutar de uno de los mejores fines de semana, en cuanto a climatolog\u00eda se refiere, de todo el verano.<\/p>\n<figure id=\"attachment_686\" aria-describedby=\"caption-attachment-686\" style=\"width: 300px\" class=\"wp-caption alignleft\"><img loading=\"lazy\" decoding=\"async\" class=\"wp-image-686 size-medium\" src=\"http:\/\/asgaivotas.com\/wp-content\/uploads\/2021\/09\/IMG_20210904_153447-300x238.jpg\" alt=\"\" width=\"300\" height=\"238\"><figcaption id=\"caption-attachment-686\" class=\"wp-caption-text\">Algunos de los modelos de los que pudimos disfrutar<\/figcaption><\/figure>\n<p>Los primeros amigos de fuera de la ciudad llegaron ya el viernes por la tarde y pudieron hacer los sus primeros vuelos. El s\u00e1bado 4, que fue el d\u00eda grande, contamos, a parte de los socios habituales, con nuestros buenos amigos aeromodelistas llegados desde Vigo, Pontevedra, Nar\u00f3n, Lugo y Asturias. Disfrutamos de un d\u00eda estupendo donde aviones acrob\u00e1ticos, maquetas y semimaquetas de todos los tama\u00f1os, veleros y las siempre espectaculares turbinas hicieron las delicias de todos los presentes. Tambi\u00e9n pudimos disfrutar del vuelo circular con las \u00faltimas luces del d\u00eda y antes de dar por finalizada la jornada<\/p>\n<figure id=\"attachment_690\" aria-describedby=\"caption-attachment-690\" style=\"width: 290px\" class=\"wp-caption alignleft\"><img loading=\"lazy\" decoding=\"async\" class=\"wp-image-690 size-medium\" src=\"http:\/\/asgaivotas.com\/wp-content\/uploads\/2021\/09\/IMG_20210904_140640-1-290x300.jpg\" alt=\"\" width=\"290\" height=\"300\"><figcaption id=\"caption-attachment-690\" class=\"wp-caption-text\">Nuestro presidente hizo un churrasco estupendo<\/figcaption><\/figure>\n<p style=\"text-align: left;\">Todo el mundo pudo volar de forma ordenada, respetando las medidas de seguridad sanitarias pertinentes como el uso de mascarilla, a pesar de estar al aire libre. Picoteamos unos callos para luego pasar al plato principal que, siendo Galicia, ten\u00eda que ser un churrasco. Comimos en mesas peque\u00f1as para mantener los distintos grupos burbuja y con separaci\u00f3n suficiente entre las mismas, para minimizar los riesgos. Tras el homenaje a nuestro buen amigo Josito, pasamos a los vuelos de tarde que volvieron a ser espectaculares ayudados por el magn\u00edfico tiempo. La jornada fue un verdadero \u00e9xito. Algunos amigos partieron a casa al final de la tarde mientras <img loading=\"lazy\" decoding=\"async\" class=\"size-medium wp-image-701 alignleft\" src=\"http:\/\/asgaivotas.com\/wp-content\/uploads\/2021\/09\/Foto-de-Fabi-1-300x225.jpg\" alt=\"\" width=\"300\" height=\"225\">que otros, que vinieron con caravanas, se quedaron para la cena y por supuesto para la sesi\u00f3n del domingo, que, aunque con menos participantes, fue igualmente divertida y llena de buenos momentos. El fin de semana supuso una fuente de alegr\u00eda y distracci\u00f3n para todos, que nos vino realmente bien despu\u00e9s de esta temporada tan complicada, no solo para nuestra afici\u00f3n, sino para todos los aspectos de nuestra vida cotidiana que se ha visto alterada por la pandemia.<\/p>\n<p>Para terminar esta entrada, desde la directiva como los organizadores del evento, queremos dar las gracias a todos los socios que nos echaron una mano, sin cuyo apoyo y trabajo, no se podr\u00edan organizar estas actividades. Y por supuesto y lo m\u00e1s importante, MUCHAS, MUCHAS, MUCHAS GRACIAS a todos nuestros buenos amigos de fuera. Gracias por tomaros la molestia de venir, gracias por haceros los kil\u00f3metros y gracias por acompa\u00f1arnos en este fin de semana tan especial. Nuestro agradecimiento es sincero y eterno para con vosotros.<\/p>\n<p>Ahora, como el reloj sigue avanzando, nos ponemos ya a pensar y trabajar para seguir organizando eventos y competiciones, que es nuestra esencia como club. Si la pandemia lo permite, que estamos seguros de ello, seguiremos la senda que hemos venido recorriendo todos estos a\u00f1os.<\/p>\n","protected":false},"excerpt":{"rendered":"<p>Uno de los objetivos del club y por supuesto de la actual directiva, era retomar el pulso a las actividades tras los obligados parones por culpa de la pandemia. Si bien la actividad individual se fue manteniendo en funci\u00f3n de las restricciones, las competiciones y las quedadas aeromodel\u00edsticas sufrieron un par\u00f3n total el \u00faltimo a\u00f1o &hellip; <\/p>\n<p class=\"link-more\"><a href=\"https:\/\/www.asgaivotas.com\/?p=681\" class=\"more-link\">Continuar leyendo<span class=\"screen-reader-text\"> \u00abD\u00eda del club aeromodelismo As Gaivotas 2021 y Memorial Jos\u00e9 Luis Seijo Gil\u00bb<\/span><\/a><\/p>\n","protected":false},"author":1,"featured_media":0,"comment_status":"closed","ping_status":"closed","sticky":false,"template":"","format":"video","meta":{"footnotes":""},"categories":[2,3,7,13,31],"tags":[],"class_list":["post-681","post","type-post","status-publish","format-video","hentry","category-actividades","category-actividades-actividades","category-club","category-historia","category-pista-cerceda","post_format-post-format-video"],"_links":{"self":[{"href":"https:\/\/www.asgaivotas.com\/index.php?rest_route=\/wp\/v2\/posts\/681","targetHints":{"allow":["GET"]}}],"collection":[{"href":"https:\/\/www.asgaivotas.com\/index.php?rest_route=\/wp\/v2\/posts"}],"about":[{"href":"https:\/\/www.asgaivotas.com\/index.php?rest_route=\/wp\/v2\/types\/post"}],"author":[{"embeddable":true,"href":"https:\/\/www.asgaivotas.com\/index.php?rest_route=\/wp\/v2\/users\/1"}],"replies":[{"embeddable":true,"href":"https:\/\/www.asgaivotas.com\/index.php?rest_route=%2Fwp%2Fv2%2Fcomments&post=681"}],"version-history":[{"count":0,"href":"https:\/\/www.asgaivotas.com\/index.php?rest_route=\/wp\/v2\/posts\/681\/revisions"}],"wp:attachment":[{"href":"https:\/\/www.asgaivotas.com\/index.php?rest_route=%2Fwp%2Fv2%2Fmedia&parent=681"}],"wp:term":[{"taxonomy":"category","embeddable":true,"href":"https:\/\/www.asgaivotas.com\/index.php?rest_route=%2Fwp%2Fv2%2Fcategories&post=681"},{"taxonomy":"post_tag","embeddable":true,"href":"https:\/\/www.asgaivotas.com\/index.php?rest_route=%2Fwp%2Fv2%2Ftags&post=681"}],"curies":[{"name":"wp","href":"https:\/\/api.w.org\/{rel}","templated":true}]}}